{"id":4,"date":"2007-10-31T01:27:14","date_gmt":"2007-10-31T00:27:14","guid":{"rendered":"http:\/\/www.psych-pv.de\/?p=4"},"modified":"2007-10-31T02:28:49","modified_gmt":"2007-10-31T01:28:49","slug":"vorwort-der-urvater-der-psych-pv","status":"publish","type":"post","link":"http:\/\/www.psych-pv.de\/?p=4","title":{"rendered":"Vorwort der Urv\u00e4ter der Psych-PV"},"content":{"rendered":"<p class=\"MsoNormal\"><span style=\"font-size: 11pt; font-family: Verdana\"><em>(Vorwort zur vierten Auflage)<\/em><o:p><\/o:p><\/span><\/p>\n<p class=\"MsoBodyText\"><span style=\"font-size: 11pt; font-family: Verdana\"><o:p><\/o:p><\/span>Die vierte Auflage wird notwendig, nachdem die GKV-Gesundheitsreform 2000 und das Fallpauschalengesetz im Jahr 2002 die Geltung der Psychiatrie-Personalverordnung bekr\u00e4ftigt haben. Auch das Beitragssicherungsgesetz zum Ende des Jahres 2002 hat die Verankerung der Psych-PV in der Bundespflegesatzverordnung (\u00a76) nicht ver\u00e4ndert. Zwar war im Gesetzesentwurf 1999 vorgesehen, auch die psychiatrische Krankenhausbehandlung nach diagnose-bezogenen Fallpauschalen (DRG) zu verg\u00fcten, doch wurde dies nach Einwendungen von verschiedenen Seitzen zur\u00fcckgezogen. Daf\u00fcr ma\u00dfgeblich waren einerseits die positiven Ergebnisse der \u201eBundesweiten Erhebung zur Evaluation der Psychiatrie-Personalverordnung\u201c (Band 99 der Schriftenreihe des Bundesministeriums f\u00fcr Gesundheit, 1998), die von der Aktion Psychisch Kranke, der Deutschen Krankenhausgesellschaft und den Spitzenverb\u00e4nden der Krankenkassen in Kooperation mit den verschiedenen Arbeitskreisen auf Klinikseite durchgef\u00fchrt worden war.<!--more--><o:p><\/o:p><\/p>\n<p class=\"MsoNormal\"><span style=\"font-size: 11pt; font-family: Verdana\">Andrerseits wurde die Tatsache ber\u00fccksichtigt, dass aus psychiatrischen Diagnosen die notwendige station\u00e4re Behandlungsleistung nur v\u00f6llig unzureichend hergeleitet werden kann. Die negativen Auswirkungen von psychiatrischen Fallpauschalen in den USA in Bezug auf Fallzahl und Behandlungsqualit\u00e4t sowie die positiven Steuerungsm\u00f6glichkeiten auf der Grundlage der Psych-PV wurden in der Stellungnahme der Aktion Psychisch Kranke zum Gesetzentwurf der GKV-Gesundheitsreform 2000 zusammengefasst (und hier im Anhang 9 wiedergegeben).<o:p><\/o:p><\/span><\/p>\n<p class=\"MsoNormal\"><span style=\"font-size: 11pt; font-family: Verdana\">In den vergangen Jahren wurden von Zeit zu Zeit Stimmen laut, die Psych-PV m\u00fcsse \u00fcberarbeitet werden. Richtig ist: Im Jahr 1990 waren die seitdem gestiegenen Anforderungen durch Qualit\u00e4tssicherung, \u00e4rztliche Weiterbildung, durch administrativen Aufwand im Zusammenhang mit der \u00dcberpr\u00fcfung der Behandlungsdauer und insbesondere den Anstieg der fallbezogenen Leistungen bei enormen Verweildauerverk\u00fcrzungen noch nicht vorhersehbar. Insgesamt ist aber die Psych-PV unver\u00e4ndert ausk\u00f6mmlich. Sie l\u00e4sst flexibel nutzbare Gestaltungsspielr\u00e4ume innerhalb des Gesamtrahmens zu. Dieser kann z.B. genutzt werden f\u00fcr ausgeweitete tagesklinische Behandlung in Verbindung mit der Institutsambulanz. Mehr denn je kommt es jetzt darauf an, Ressourcen optimal ein zusetzten und die Qualit\u00e4t der klinischen Behandlung psychisch Kranker weiter zu verbessern.<o:p><\/o:p><\/span><\/p>\n<p class=\"MsoNormal\"><span style=\"font-size: 11pt; font-family: Verdana\"><o:p> <\/o:p><\/span><\/p>\n<p class=\"MsoNormal\"><span style=\"font-size: 11pt; font-family: Verdana\">Quelle:  Das  Vorwort  zu<\/span><\/p>\n<p class=\"MsoNormal\"><span style=\"font-size: 11pt; font-family: Verdana\">Psychiatrie-Personalverordnung (Psych-PV)<o:p><\/o:p><\/span><\/p>\n<p class=\"MsoNormal\"><span style=\"font-size: 11pt; font-family: Verdana\">Textausgabe mit Materialien und Erl\u00e4uterungen f\u00fcr die Praxis<\/span><\/p>\n<p class=\"MsoNormal\"><span style=\"font-size: 11pt; font-family: Verdana\">Heinrich Kunze, Ludwig Kaltenbach (Hrsg)<o:p><\/o:p><\/span><\/p>\n<p class=\"MsoNormal\"><span style=\"font-size: 11pt; font-family: Verdana\"><o:p><\/o:p><\/span><\/p>\n<p class=\"MsoNormal\"><span style=\"font-size: 11pt; font-family: Verdana\">4., \u00fcberarbeitete und aktualisierte Auflage \/ 2003<o:p><\/o:p><\/span><\/p>\n<p class=\"MsoNormal\"><span style=\"font-size: 11pt; font-family: Verdana\">Verlag W. Kohlhammer<o:p><\/o:p><\/span><\/p>\n","protected":false},"excerpt":{"rendered":"<p>(Vorwort zur vierten Auflage) Die vierte Auflage wird notwendig, nachdem die GKV-Gesundheitsreform 2000 und das Fallpauschalengesetz im Jahr 2002 die Geltung der Psychiatrie-Personalverordnung bekr\u00e4ftigt haben. Auch das Beitragssicherungsgesetz zum Ende des Jahres 2002 hat die Verankerung der Psych-PV in der &hellip; <a href=\"http:\/\/www.psych-pv.de\/?p=4\">Weiterlesen <span class=\"meta-nav\">&rarr;<\/span><\/a><\/p>\n","protected":false},"author":1,"featured_media":0,"comment_status":"open","ping_status":"open","sticky":false,"template":"","format":"standard","meta":{"footnotes":""},"categories":[10],"tags":[13,11,12,14,4],"_links":{"self":[{"href":"http:\/\/www.psych-pv.de\/index.php?rest_route=\/wp\/v2\/posts\/4"}],"collection":[{"href":"http:\/\/www.psych-pv.de\/index.php?rest_route=\/wp\/v2\/posts"}],"about":[{"href":"http:\/\/www.psych-pv.de\/index.php?rest_route=\/wp\/v2\/types\/post"}],"author":[{"embeddable":true,"href":"http:\/\/www.psych-pv.de\/index.php?rest_route=\/wp\/v2\/users\/1"}],"replies":[{"embeddable":true,"href":"http:\/\/www.psych-pv.de\/index.php?rest_route=%2Fwp%2Fv2%2Fcomments&post=4"}],"version-history":[{"count":0,"href":"http:\/\/www.psych-pv.de\/index.php?rest_route=\/wp\/v2\/posts\/4\/revisions"}],"wp:attachment":[{"href":"http:\/\/www.psych-pv.de\/index.php?rest_route=%2Fwp%2Fv2%2Fmedia&parent=4"}],"wp:term":[{"taxonomy":"category","embeddable":true,"href":"http:\/\/www.psych-pv.de\/index.php?rest_route=%2Fwp%2Fv2%2Fcategories&post=4"},{"taxonomy":"post_tag","embeddable":true,"href":"http:\/\/www.psych-pv.de\/index.php?rest_route=%2Fwp%2Fv2%2Ftags&post=4"}],"curies":[{"name":"wp","href":"https:\/\/api.w.org\/{rel}","templated":true}]}}