{"id":3,"date":"2007-10-31T01:18:48","date_gmt":"2007-10-31T00:18:48","guid":{"rendered":"http:\/\/www.psych-pv.de\/?p=3"},"modified":"2007-10-31T01:18:48","modified_gmt":"2007-10-31T00:18:48","slug":"psych-pv-weblog-geht-ans-netz","status":"publish","type":"post","link":"http:\/\/www.psych-pv.de\/?p=3","title":{"rendered":"Psych-PV weblog geht ans Netz"},"content":{"rendered":"<p class=\"MsoFooter\"><span style=\"font-size: 11pt; font-family: Verdana\">In den letzten Jahren h\u00e4ufen sich Klagen \u00fcber die nicht mehr ausreichende Versorgung von psychisch kranken Menschen in den Bundesdeutschen Kliniken. Obwohl in Fortsetzung der Empfehlungen der Expertenkommission der Bundesregierung 1990 zur nachhaltigen Abschaffung der durch die Psychiatrie-Enquete von 1975 festgestellten inhumanen Zust\u00e4nden im Jahr 1990 die Psychiatrie-Personalverordnung (Psych-PV) eingef\u00fchrt wurde, muss heute mit Sorge festgestellt werden, dass dieses Vorhaben nur bis 1995 w\u00e4hrend der Umsetzungsphase durchgehalten wurde. Danach erfolgte durch Deckelungen und \u201eBAT-Schere\u201c j\u00e4hrlich ein stetiger Personalabbau. Damit befinden wir uns fast in Jahr 1975 wieder. Damit es nicht in der Realit\u00e4t als gegeben etabliert wird, soll der heute ans Netz gehende Weblog Psych-PV die verschiedenen Ma\u00dfnahmen und Bem\u00fchungen zur vollen Erhaltung und Umsetzung der Psych-PV durch Informationen unterst\u00fctzen.<o:p><\/o:p><\/span><\/p>\n","protected":false},"excerpt":{"rendered":"<p>In den letzten Jahren h\u00e4ufen sich Klagen \u00fcber die nicht mehr ausreichende Versorgung von psychisch kranken Menschen in den Bundesdeutschen Kliniken. Obwohl in Fortsetzung der Empfehlungen der Expertenkommission der Bundesregierung 1990 zur nachhaltigen Abschaffung der durch die Psychiatrie-Enquete von 1975 &hellip; <a href=\"http:\/\/www.psych-pv.de\/?p=3\">Weiterlesen <span class=\"meta-nav\">&rarr;<\/span><\/a><\/p>\n","protected":false},"author":1,"featured_media":0,"comment_status":"open","ping_status":"open","sticky":false,"template":"","format":"standard","meta":{"footnotes":""},"categories":[3],"tags":[8,9,7,6,4,5],"_links":{"self":[{"href":"http:\/\/www.psych-pv.de\/index.php?rest_route=\/wp\/v2\/posts\/3"}],"collection":[{"href":"http:\/\/www.psych-pv.de\/index.php?rest_route=\/wp\/v2\/posts"}],"about":[{"href":"http:\/\/www.psych-pv.de\/index.php?rest_route=\/wp\/v2\/types\/post"}],"author":[{"embeddable":true,"href":"http:\/\/www.psych-pv.de\/index.php?rest_route=\/wp\/v2\/users\/1"}],"replies":[{"embeddable":true,"href":"http:\/\/www.psych-pv.de\/index.php?rest_route=%2Fwp%2Fv2%2Fcomments&post=3"}],"version-history":[{"count":0,"href":"http:\/\/www.psych-pv.de\/index.php?rest_route=\/wp\/v2\/posts\/3\/revisions"}],"wp:attachment":[{"href":"http:\/\/www.psych-pv.de\/index.php?rest_route=%2Fwp%2Fv2%2Fmedia&parent=3"}],"wp:term":[{"taxonomy":"category","embeddable":true,"href":"http:\/\/www.psych-pv.de\/index.php?rest_route=%2Fwp%2Fv2%2Fcategories&post=3"},{"taxonomy":"post_tag","embeddable":true,"href":"http:\/\/www.psych-pv.de\/index.php?rest_route=%2Fwp%2Fv2%2Ftags&post=3"}],"curies":[{"name":"wp","href":"https:\/\/api.w.org\/{rel}","templated":true}]}}