{"id":12,"date":"2007-12-06T01:55:27","date_gmt":"2007-12-06T00:55:27","guid":{"rendered":"http:\/\/www.psych-pv.de\/?p=12"},"modified":"2010-01-30T01:13:59","modified_gmt":"2010-01-30T00:13:59","slug":"die-bpflv-gilt-weiter-fur-krankenhauser-und-abteilungen-der-psych-pv","status":"publish","type":"post","link":"http:\/\/www.psych-pv.de\/?p=12","title":{"rendered":"Die BPflV gilt weiter f\u00fcr Krankenh\u00e4user und Abteilungen der Psych-PV"},"content":{"rendered":"<p><strong> vorgestellt beim DGPPN-Kongre\u00df am 30. November 2002 im ICC Berlin:<\/strong><\/p>\n<p>\u2022 Insgesamt unterliegen circa 750 Einrichtungen und Abteilungen mit rund 62000 Betten der Psych-PV mit 2,6 Mrd. \u20ac Budgetvolumen (ca. 5% der Gesamtausgaben f\u00fcr Krankenhausbehandlung)).<br \/>\n\u2022 Ein Gro\u00dfteil entf\u00e4llt auf Erwachsenenpsychatrie mit 593 Einrichtungen und Abteilungen und rund 57000 Betten.<\/p>\n<p><strong>Schwerpunkte bilden die<\/strong><br \/>\nAllgemeine Psychiatrie (378),<br \/>\nAllgemeine Psychatrie\/Tagesklinik (162) und<br \/>\nAllgemeine Psychiatrie\/Suchtbehandlung (21).<\/p>\n<p><em>AOK-Bundesverband<br \/>\nGesch\u00e4ftsbereich Gesundheit<\/em><\/p>\n<p><em>Johann-Magnus v. Stackelberg<br \/>\nGesch\u00e4ftsf\u00fchrer Gesundheit<br \/>\nAOK-Bundesverband<\/em><\/p>\n","protected":false},"excerpt":{"rendered":"<p>vorgestellt beim DGPPN-Kongre\u00df am 30. November 2002 im ICC Berlin: \u2022 Insgesamt unterliegen circa 750 Einrichtungen und Abteilungen mit rund 62000 Betten der Psych-PV mit 2,6 Mrd. \u20ac Budgetvolumen (ca. 5% der Gesamtausgaben f\u00fcr Krankenhausbehandlung)). \u2022 Ein Gro\u00dfteil entf\u00e4llt auf &hellip; <a href=\"http:\/\/www.psych-pv.de\/?p=12\">Weiterlesen <span class=\"meta-nav\">&rarr;<\/span><\/a><\/p>\n","protected":false},"author":1,"featured_media":0,"comment_status":"open","ping_status":"open","sticky":false,"template":"","format":"standard","meta":{"footnotes":""},"categories":[41,53,52,64],"tags":[75,84,54,85,4],"_links":{"self":[{"href":"http:\/\/www.psych-pv.de\/index.php?rest_route=\/wp\/v2\/posts\/12"}],"collection":[{"href":"http:\/\/www.psych-pv.de\/index.php?rest_route=\/wp\/v2\/posts"}],"about":[{"href":"http:\/\/www.psych-pv.de\/index.php?rest_route=\/wp\/v2\/types\/post"}],"author":[{"embeddable":true,"href":"http:\/\/www.psych-pv.de\/index.php?rest_route=\/wp\/v2\/users\/1"}],"replies":[{"embeddable":true,"href":"http:\/\/www.psych-pv.de\/index.php?rest_route=%2Fwp%2Fv2%2Fcomments&post=12"}],"version-history":[{"count":0,"href":"http:\/\/www.psych-pv.de\/index.php?rest_route=\/wp\/v2\/posts\/12\/revisions"}],"wp:attachment":[{"href":"http:\/\/www.psych-pv.de\/index.php?rest_route=%2Fwp%2Fv2%2Fmedia&parent=12"}],"wp:term":[{"taxonomy":"category","embeddable":true,"href":"http:\/\/www.psych-pv.de\/index.php?rest_route=%2Fwp%2Fv2%2Fcategories&post=12"},{"taxonomy":"post_tag","embeddable":true,"href":"http:\/\/www.psych-pv.de\/index.php?rest_route=%2Fwp%2Fv2%2Ftags&post=12"}],"curies":[{"name":"wp","href":"https:\/\/api.w.org\/{rel}","templated":true}]}}